{"id":18191,"date":"2021-08-24T08:51:00","date_gmt":"2021-08-24T08:51:00","guid":{"rendered":"https:\/\/www.mmf.dk\/karriereunivers\/?p=18191"},"modified":"2024-05-02T15:25:22","modified_gmt":"2024-05-02T13:25:22","slug":"har-jeg-fortsat-ret-til-forhoejet-ferietillaeg","status":"publish","type":"post","link":"https:\/\/www.mmf.dk\/karriereunivers\/har-jeg-fortsat-ret-til-forhoejet-ferietillaeg\/","title":{"rendered":"Har jeg fortsat ret til forh\u00f8jet ferietill\u00e6g?"},"content":{"rendered":"\t\t<div data-elementor-type=\"wp-post\" data-elementor-id=\"18191\" class=\"elementor elementor-18191\" data-elementor-post-type=\"post\">\n\t\t\t\t\t\t<section class=\"elementor-section elementor-top-section elementor-element elementor-element-219ce121 elementor-section-boxed elementor-section-height-default elementor-section-height-default\" data-id=\"219ce121\" data-element_type=\"section\">\n\t\t\t\t\t\t<div class=\"elementor-container elementor-column-gap-default\">\n\t\t\t\t\t<div class=\"elementor-column elementor-col-100 elementor-top-column elementor-element elementor-element-384faf19\" data-id=\"384faf19\" data-element_type=\"column\">\n\t\t\t<div class=\"elementor-widget-wrap elementor-element-populated\">\n\t\t\t\t\t\t<div class=\"elementor-element elementor-element-5eb4126d elementor-widget elementor-widget-text-editor\" data-id=\"5eb4126d\" data-element_type=\"widget\" data-widget_type=\"text-editor.default\">\n\t\t\t\t<div class=\"elementor-widget-container\">\n\t\t\t\t\t\t\t<p><em>I forbindelse med overgangen til den nye ferielov er feriepenge i overgangsperioden blevet indefrosset for de fleste danske l\u00f8nmodtagere. Ved en kendelse i faglig voldgift, afsagt den 14. juni 2021, er det nu fastsl\u00e5et, at medarbejdere, som efter aftale har optjent forh\u00f8jet ferietill\u00e6g i perioden, som udgangspunkt fortsat skal have dette udbetalt \u2013 ogs\u00e5 selvom det er aftalt, at det forh\u00f8jede ferietill\u00e6g bortfalder i en fratr\u00e6delsessituation.<\/em><\/p><p>I forbindelse med overgangen til den nye ferielov er ferie optjent i perioden fra den 1. september 2019 til den 31. august 2020 blevet indefrosset for st\u00f8rstedelen af danske l\u00f8nmodtagere. Den opsparede ferie i overgangsperioden er beregnet som en feriegodtg\u00f8relse med 12,5 procent af l\u00f8nnen i optjeningsperioden. Dette svarer til den beregningsmetode, hvorp\u00e5 tilgodehavende ferie opg\u00f8res ved en medarbejders fratr\u00e6den.<\/p><p>N\u00e5r en medarbejder har ret til ferie med l\u00f8n, er vedkommende ligeledes berettiget til et ferietill\u00e6g p\u00e5 1 procent efter ferieloven. Dette ferietill\u00e6g p\u00e5 1 procent er der taget h\u00f8jde for i den indefrosne feriegodtg\u00f8relse, og der bliver derfor ikke udbetalt et s\u00e6rskilt ferietill\u00e6g for indefrysningsperioden.<\/p><p>Det er imidlertid i en r\u00e6kke overenskomster aftalt, at medarbejdere har ret til et forh\u00f8jet ferietill\u00e6g \u2013 alts\u00e5 et ferietill\u00e6g, der er h\u00f8jere end 1 procent. I nogle overenskomster bortfalder det forh\u00f8jede ferietill\u00e6g imidlertid i forbindelse med en medarbejders fratr\u00e6den. Dette er tilf\u00e6ldet i den konkrete sag, som blev behandlet af voldgiftsretten, og sp\u00f8rgsm\u00e5let er derfor, om medarbejdere, som ikke er fratr\u00e5dt i perioden, fortsat har ret til at f\u00e5 udbetalt det forh\u00f8jede ferietill\u00e6g i indefrysningsperioden eller ej.<\/p><p><strong>Den konkrete sag<br \/><\/strong>Sagen ved voldgiftsretten ang\u00e5r en overenskomst, hvori medarbejdere optjener et ferietill\u00e6g p\u00e5 3 procent. Det er desuden i overenskomsten aftalt, at tilgodehavende ferie ved fratr\u00e6den bliver afregnet som 12,5 procent af l\u00f8nnen i optjeningsperioden, hvorved de ekstra 2 procent i ferietill\u00e6g vil bortfalde.<\/p><p>Arbejdsgiversiden er af den holdning, at feriegodtg\u00f8relsen i indefrysningsperioden skal beregnes ligesom ved fratr\u00e6den, hvorfor den forh\u00f8jede del m\u00e5 bortfalde. L\u00f8nmodtagersiden er imidlertid af den opfattelse, at medarbejderne netop ikke er fratr\u00e5dt, hvorfor det forh\u00f8jede ferietill\u00e6g b\u00f8r udbetales som s\u00e6dvanligt.<\/p><p>Det er voldgiftsrettens vurdering, at medarbejderne har ret til at f\u00e5 udbetalt de ekstra 2 procent i ferietill\u00e6g, som de har opsparet i indefrysningsperioden. Det er rettens holdning, at det kr\u00e6ver et klart og sikkert grundlag, for at anse et s\u00e5dant krav for bortfaldet. Voldgiftsretten fremh\u00e6ver, at der ikke er indg\u00e5et en aftale, som forholder sig direkte til overgangsperioden, og retten mener ikke, at der i den p\u00e5g\u00e6ldende overenskomst er en aftale der begrunder, at forh\u00f8jet ferietill\u00e6g i indefrysningsperioden skal behandles ligesom ved fratr\u00e6delse. Retten udtaler ligeledes, at et bortfald at det forh\u00f8jede till\u00e6g ikke kan begrundes ved, at ferien i indefrysningsperioden ikke kan afholdes.<\/p><p>Voldgiftsretten l\u00e6gger endvidere s\u00e6rligt v\u00e6gt p\u00e5, at det af forarbejderne til lovreglerne om overgangsordningen fremg\u00e5r, at indefrysningen vedr\u00f8rer ferierettigheder, som hidr\u00f8rer fra ferieloven, og at \u00f8vrige kollektive eller individuelle krav skal udbetales til medarbejderne, medmindre der foreligger anden aftale.<\/p><p>Voldgiftsretten er s\u00e5ledes af den holdning, at beslutningen om at anvende det samme beregningsprincip for indefrosne feriemidler som ved en medarbejders fratr\u00e6den, ikke i sig selv kan begrunde, at et aftalt forh\u00f8jet ferietill\u00e6g skal bortfalde &#8211; heller ikke selvom det ville bortfalde ved fratr\u00e6den. Retten fremh\u00e6ver i \u00f8vrigt, at udbetaling af det forh\u00f8jede ferietill\u00e6g stemmer bedst overens med den lovbestemte overgangsordnings form\u00e5l \u2013 nemlig at det er afg\u00f8rende, at l\u00f8nmodtagere bevarer deres ret til den feriebetaling, som de har optjent.<\/p><p><strong>Hvad skal jeg v\u00e6re opm\u00e6rksom p\u00e5?<br \/><\/strong>Det skal bem\u00e6rkes, at retten til forh\u00f8jet ferietill\u00e6g altid vil afh\u00e6nge af, hvad der er aftalt i den konkrete situation \u2013 enten ved individuel aftale eller overenskomst. Denne afg\u00f8relse forventes dog at danne praksis for lignede aftaler og overenskomster.<\/p><p>Udgangspunktet er herefter, at de medarbejdere som efter en overenskomst eller ved individuel aftale optjener et forh\u00f8jet ferietill\u00e6g i indefrysningsperioden har ret til at f\u00e5 udbetalt den del af ferietill\u00e6gget som gives udover ferielovens 1 procent, ogs\u00e5 selvom det af aftalen fremg\u00e5r, at det p\u00e5g\u00e6ldende till\u00e6g bortfalder i en fratr\u00e6delsessituation. Dette g\u00e6lder selvf\u00f8lgelig kun for de medarbejdere, som ikke er fratr\u00e5dt i perioden.<\/p><p>Skulle ovenst\u00e5ende give anledning til sp\u00f8rgsm\u00e5l, anbefaler vi, at du kontakter vores <a href=\"https:\/\/www.mmf.dk\/karriereunivers\/om-maskinmestrenes-forening\/sekretariatet\/\" target=\"_blank\" rel=\"noopener\">Arbejdsmarkedsafdelingen<\/a>.<\/p><p><em>Skrevet af juridisk konsulent Kristine Maria Kramer.<\/em><\/p>\t\t\t\t\t\t<\/div>\n\t\t\t\t<\/div>\n\t\t\t\t\t<\/div>\n\t\t<\/div>\n\t\t\t\t\t<\/div>\n\t\t<\/section>\n\t\t\t\t<\/div>\n\t\t","protected":false},"excerpt":{"rendered":"<p>I forbindelse med overgangen til den nye ferielov er feriepenge i overgangsperioden blevet indefrosset for de fleste danske l\u00f8nmodtagere. Ved en kendelse i faglig voldgift, afsagt den 14. juni 2021, er det nu fastsl\u00e5et, at medarbejdere, som efter aftale har optjent forh\u00f8jet ferietill\u00e6g i perioden, som udgangspunkt fortsat skal have dette udbetalt \u2013 ogs\u00e5 selvom [&hellip;]<\/p>\n","protected":false},"author":2,"featured_media":2875,"comment_status":"closed","ping_status":"open","sticky":false,"template":"","format":"standard","meta":{"_eb_attr":"","footnotes":"","_expiration-date-status":"","_expiration-date":0,"_expiration-date-type":"","_expiration-date-categories":[],"_expiration-date-options":[]},"categories":[171,178,185],"tags":[],"class_list":["post-18191","post","type-post","status-publish","format-standard","has-post-thumbnail","hentry","category-alle-artikler","category-ferie","category-jura"],"yoast_head":"<!-- This site is optimized with the Yoast SEO plugin v24.2 - https:\/\/yoast.com\/wordpress\/plugins\/seo\/ -->\n<title>Har jeg fortsat ret til forh\u00f8jet ferietill\u00e6g? - Maskinmestrenes Forening<\/title>\n<meta name=\"robots\" content=\"index, follow, max-snippet:-1, max-image-preview:large, max-video-preview:-1\" \/>\n<link rel=\"canonical\" href=\"https:\/\/www.mmf.dk\/karriereunivers\/har-jeg-fortsat-ret-til-forhoejet-ferietillaeg\/\" \/>\n<meta property=\"og:locale\" content=\"da_DK\" \/>\n<meta property=\"og:type\" content=\"article\" \/>\n<meta property=\"og:title\" content=\"Har jeg fortsat ret til forh\u00f8jet ferietill\u00e6g? - Maskinmestrenes Forening\" \/>\n<meta property=\"og:description\" content=\"I forbindelse med overgangen til den nye ferielov er feriepenge i overgangsperioden blevet indefrosset for de fleste danske l\u00f8nmodtagere. Ved en kendelse i faglig voldgift, afsagt den 14. juni 2021, er det nu fastsl\u00e5et, at medarbejdere, som efter aftale har optjent forh\u00f8jet ferietill\u00e6g i perioden, som udgangspunkt fortsat skal have dette udbetalt \u2013 ogs\u00e5 selvom [&hellip;]\" \/>\n<meta property=\"og:url\" content=\"https:\/\/www.mmf.dk\/karriereunivers\/har-jeg-fortsat-ret-til-forhoejet-ferietillaeg\/\" \/>\n<meta property=\"og:site_name\" content=\"Maskinmestrenes Forening\" \/>\n<meta property=\"article:published_time\" content=\"2021-08-24T08:51:00+00:00\" \/>\n<meta property=\"article:modified_time\" content=\"2024-05-02T13:25:22+00:00\" \/>\n<meta property=\"og:image\" content=\"https:\/\/www.mmf.dk\/karriereunivers\/wp-content\/uploads\/2018\/12\/83a9554230ed6e6cccfe522a2a4bd53e_XL.jpg\" \/>\n\t<meta property=\"og:image:width\" content=\"900\" \/>\n\t<meta property=\"og:image:height\" content=\"600\" \/>\n\t<meta property=\"og:image:type\" content=\"image\/jpeg\" \/>\n<meta name=\"author\" content=\"Sarah Bregnh\u00f8j\" \/>\n<meta name=\"twitter:card\" content=\"summary_large_image\" \/>\n<meta name=\"twitter:label1\" content=\"Skrevet af\" \/>\n\t<meta name=\"twitter:data1\" content=\"Sarah Bregnh\u00f8j\" \/>\n\t<meta name=\"twitter:label2\" content=\"Estimeret l\u00e6setid\" \/>\n\t<meta name=\"twitter:data2\" content=\"3 minutter\" \/>\n<script type=\"application\/ld+json\" class=\"yoast-schema-graph\">{\"@context\":\"https:\/\/schema.org\",\"@graph\":[{\"@type\":\"Article\",\"@id\":\"https:\/\/www.mmf.dk\/karriereunivers\/har-jeg-fortsat-ret-til-forhoejet-ferietillaeg\/#article\",\"isPartOf\":{\"@id\":\"https:\/\/www.mmf.dk\/karriereunivers\/har-jeg-fortsat-ret-til-forhoejet-ferietillaeg\/\"},\"author\":{\"name\":\"Sarah Bregnh\u00f8j\",\"@id\":\"https:\/\/www.mmf.dk\/karriereunivers\/#\/schema\/person\/87b6b365fb67f78004cbf3db940bc0d4\"},\"headline\":\"Har jeg fortsat ret til forh\u00f8jet ferietill\u00e6g?\",\"datePublished\":\"2021-08-24T08:51:00+00:00\",\"dateModified\":\"2024-05-02T13:25:22+00:00\",\"mainEntityOfPage\":{\"@id\":\"https:\/\/www.mmf.dk\/karriereunivers\/har-jeg-fortsat-ret-til-forhoejet-ferietillaeg\/\"},\"wordCount\":777,\"publisher\":{\"@id\":\"https:\/\/www.mmf.dk\/karriereunivers\/#organization\"},\"image\":{\"@id\":\"https:\/\/www.mmf.dk\/karriereunivers\/har-jeg-fortsat-ret-til-forhoejet-ferietillaeg\/#primaryimage\"},\"thumbnailUrl\":\"https:\/\/www.mmf.dk\/karriereunivers\/wp-content\/uploads\/2018\/12\/83a9554230ed6e6cccfe522a2a4bd53e_XL.jpg\",\"articleSection\":[\"Alle-artikler\",\"Ferie\",\"Jura\"],\"inLanguage\":\"da-DK\"},{\"@type\":\"WebPage\",\"@id\":\"https:\/\/www.mmf.dk\/karriereunivers\/har-jeg-fortsat-ret-til-forhoejet-ferietillaeg\/\",\"url\":\"https:\/\/www.mmf.dk\/karriereunivers\/har-jeg-fortsat-ret-til-forhoejet-ferietillaeg\/\",\"name\":\"Har jeg fortsat ret til forh\u00f8jet ferietill\u00e6g? - Maskinmestrenes Forening\",\"isPartOf\":{\"@id\":\"https:\/\/www.mmf.dk\/karriereunivers\/#website\"},\"primaryImageOfPage\":{\"@id\":\"https:\/\/www.mmf.dk\/karriereunivers\/har-jeg-fortsat-ret-til-forhoejet-ferietillaeg\/#primaryimage\"},\"image\":{\"@id\":\"https:\/\/www.mmf.dk\/karriereunivers\/har-jeg-fortsat-ret-til-forhoejet-ferietillaeg\/#primaryimage\"},\"thumbnailUrl\":\"https:\/\/www.mmf.dk\/karriereunivers\/wp-content\/uploads\/2018\/12\/83a9554230ed6e6cccfe522a2a4bd53e_XL.jpg\",\"datePublished\":\"2021-08-24T08:51:00+00:00\",\"dateModified\":\"2024-05-02T13:25:22+00:00\",\"breadcrumb\":{\"@id\":\"https:\/\/www.mmf.dk\/karriereunivers\/har-jeg-fortsat-ret-til-forhoejet-ferietillaeg\/#breadcrumb\"},\"inLanguage\":\"da-DK\",\"potentialAction\":[{\"@type\":\"ReadAction\",\"target\":[\"https:\/\/www.mmf.dk\/karriereunivers\/har-jeg-fortsat-ret-til-forhoejet-ferietillaeg\/\"]}]},{\"@type\":\"ImageObject\",\"inLanguage\":\"da-DK\",\"@id\":\"https:\/\/www.mmf.dk\/karriereunivers\/har-jeg-fortsat-ret-til-forhoejet-ferietillaeg\/#primaryimage\",\"url\":\"https:\/\/www.mmf.dk\/karriereunivers\/wp-content\/uploads\/2018\/12\/83a9554230ed6e6cccfe522a2a4bd53e_XL.jpg\",\"contentUrl\":\"https:\/\/www.mmf.dk\/karriereunivers\/wp-content\/uploads\/2018\/12\/83a9554230ed6e6cccfe522a2a4bd53e_XL.jpg\",\"width\":900,\"height\":600},{\"@type\":\"BreadcrumbList\",\"@id\":\"https:\/\/www.mmf.dk\/karriereunivers\/har-jeg-fortsat-ret-til-forhoejet-ferietillaeg\/#breadcrumb\",\"itemListElement\":[{\"@type\":\"ListItem\",\"position\":1,\"name\":\"Forside\",\"item\":\"https:\/\/www.mmf.dk\/karriereunivers\/\"},{\"@type\":\"ListItem\",\"position\":2,\"name\":\"Har jeg fortsat ret til forh\u00f8jet ferietill\u00e6g?\"}]},{\"@type\":\"WebSite\",\"@id\":\"https:\/\/www.mmf.dk\/karriereunivers\/#website\",\"url\":\"https:\/\/www.mmf.dk\/karriereunivers\/\",\"name\":\"Maskinmestrenes Forening\",\"description\":\"\",\"publisher\":{\"@id\":\"https:\/\/www.mmf.dk\/karriereunivers\/#organization\"},\"potentialAction\":[{\"@type\":\"SearchAction\",\"target\":{\"@type\":\"EntryPoint\",\"urlTemplate\":\"https:\/\/www.mmf.dk\/karriereunivers\/?s={search_term_string}\"},\"query-input\":{\"@type\":\"PropertyValueSpecification\",\"valueRequired\":true,\"valueName\":\"search_term_string\"}}],\"inLanguage\":\"da-DK\"},{\"@type\":\"Organization\",\"@id\":\"https:\/\/www.mmf.dk\/karriereunivers\/#organization\",\"name\":\"Maskinmestrenes Forening\",\"url\":\"https:\/\/www.mmf.dk\/karriereunivers\/\",\"logo\":{\"@type\":\"ImageObject\",\"inLanguage\":\"da-DK\",\"@id\":\"https:\/\/www.mmf.dk\/karriereunivers\/#\/schema\/logo\/image\/\",\"url\":\"https:\/\/www.mmf.dk\/karriereunivers\/wp-content\/uploads\/2022\/03\/logo.svg\",\"contentUrl\":\"https:\/\/www.mmf.dk\/karriereunivers\/wp-content\/uploads\/2022\/03\/logo.svg\",\"width\":1,\"height\":1,\"caption\":\"Maskinmestrenes Forening\"},\"image\":{\"@id\":\"https:\/\/www.mmf.dk\/karriereunivers\/#\/schema\/logo\/image\/\"}},{\"@type\":\"Person\",\"@id\":\"https:\/\/www.mmf.dk\/karriereunivers\/#\/schema\/person\/87b6b365fb67f78004cbf3db940bc0d4\",\"name\":\"Sarah Bregnh\u00f8j\",\"image\":{\"@type\":\"ImageObject\",\"inLanguage\":\"da-DK\",\"@id\":\"https:\/\/www.mmf.dk\/karriereunivers\/#\/schema\/person\/image\/\",\"url\":\"https:\/\/secure.gravatar.com\/avatar\/52f5cf67e96c8da0bfda2c145e187240?s=96&d=mm&r=g\",\"contentUrl\":\"https:\/\/secure.gravatar.com\/avatar\/52f5cf67e96c8da0bfda2c145e187240?s=96&d=mm&r=g\",\"caption\":\"Sarah Bregnh\u00f8j\"},\"url\":\"https:\/\/www.mmf.dk\/karriereunivers\/author\/sarah\/\"}]}<\/script>\n<!-- \/ Yoast SEO plugin. -->","yoast_head_json":{"title":"Har jeg fortsat ret til forh\u00f8jet ferietill\u00e6g? - Maskinmestrenes Forening","robots":{"index":"index","follow":"follow","max-snippet":"max-snippet:-1","max-image-preview":"max-image-preview:large","max-video-preview":"max-video-preview:-1"},"canonical":"https:\/\/www.mmf.dk\/karriereunivers\/har-jeg-fortsat-ret-til-forhoejet-ferietillaeg\/","og_locale":"da_DK","og_type":"article","og_title":"Har jeg fortsat ret til forh\u00f8jet ferietill\u00e6g? - Maskinmestrenes Forening","og_description":"I forbindelse med overgangen til den nye ferielov er feriepenge i overgangsperioden blevet indefrosset for de fleste danske l\u00f8nmodtagere. Ved en kendelse i faglig voldgift, afsagt den 14. juni 2021, er det nu fastsl\u00e5et, at medarbejdere, som efter aftale har optjent forh\u00f8jet ferietill\u00e6g i perioden, som udgangspunkt fortsat skal have dette udbetalt \u2013 ogs\u00e5 selvom [&hellip;]","og_url":"https:\/\/www.mmf.dk\/karriereunivers\/har-jeg-fortsat-ret-til-forhoejet-ferietillaeg\/","og_site_name":"Maskinmestrenes Forening","article_published_time":"2021-08-24T08:51:00+00:00","article_modified_time":"2024-05-02T13:25:22+00:00","og_image":[{"width":900,"height":600,"url":"https:\/\/www.mmf.dk\/karriereunivers\/wp-content\/uploads\/2018\/12\/83a9554230ed6e6cccfe522a2a4bd53e_XL.jpg","type":"image\/jpeg"}],"author":"Sarah Bregnh\u00f8j","twitter_card":"summary_large_image","twitter_misc":{"Skrevet af":"Sarah Bregnh\u00f8j","Estimeret l\u00e6setid":"3 minutter"},"schema":{"@context":"https:\/\/schema.org","@graph":[{"@type":"Article","@id":"https:\/\/www.mmf.dk\/karriereunivers\/har-jeg-fortsat-ret-til-forhoejet-ferietillaeg\/#article","isPartOf":{"@id":"https:\/\/www.mmf.dk\/karriereunivers\/har-jeg-fortsat-ret-til-forhoejet-ferietillaeg\/"},"author":{"name":"Sarah Bregnh\u00f8j","@id":"https:\/\/www.mmf.dk\/karriereunivers\/#\/schema\/person\/87b6b365fb67f78004cbf3db940bc0d4"},"headline":"Har jeg fortsat ret til forh\u00f8jet ferietill\u00e6g?","datePublished":"2021-08-24T08:51:00+00:00","dateModified":"2024-05-02T13:25:22+00:00","mainEntityOfPage":{"@id":"https:\/\/www.mmf.dk\/karriereunivers\/har-jeg-fortsat-ret-til-forhoejet-ferietillaeg\/"},"wordCount":777,"publisher":{"@id":"https:\/\/www.mmf.dk\/karriereunivers\/#organization"},"image":{"@id":"https:\/\/www.mmf.dk\/karriereunivers\/har-jeg-fortsat-ret-til-forhoejet-ferietillaeg\/#primaryimage"},"thumbnailUrl":"https:\/\/www.mmf.dk\/karriereunivers\/wp-content\/uploads\/2018\/12\/83a9554230ed6e6cccfe522a2a4bd53e_XL.jpg","articleSection":["Alle-artikler","Ferie","Jura"],"inLanguage":"da-DK"},{"@type":"WebPage","@id":"https:\/\/www.mmf.dk\/karriereunivers\/har-jeg-fortsat-ret-til-forhoejet-ferietillaeg\/","url":"https:\/\/www.mmf.dk\/karriereunivers\/har-jeg-fortsat-ret-til-forhoejet-ferietillaeg\/","name":"Har jeg fortsat ret til forh\u00f8jet ferietill\u00e6g? - Maskinmestrenes Forening","isPartOf":{"@id":"https:\/\/www.mmf.dk\/karriereunivers\/#website"},"primaryImageOfPage":{"@id":"https:\/\/www.mmf.dk\/karriereunivers\/har-jeg-fortsat-ret-til-forhoejet-ferietillaeg\/#primaryimage"},"image":{"@id":"https:\/\/www.mmf.dk\/karriereunivers\/har-jeg-fortsat-ret-til-forhoejet-ferietillaeg\/#primaryimage"},"thumbnailUrl":"https:\/\/www.mmf.dk\/karriereunivers\/wp-content\/uploads\/2018\/12\/83a9554230ed6e6cccfe522a2a4bd53e_XL.jpg","datePublished":"2021-08-24T08:51:00+00:00","dateModified":"2024-05-02T13:25:22+00:00","breadcrumb":{"@id":"https:\/\/www.mmf.dk\/karriereunivers\/har-jeg-fortsat-ret-til-forhoejet-ferietillaeg\/#breadcrumb"},"inLanguage":"da-DK","potentialAction":[{"@type":"ReadAction","target":["https:\/\/www.mmf.dk\/karriereunivers\/har-jeg-fortsat-ret-til-forhoejet-ferietillaeg\/"]}]},{"@type":"ImageObject","inLanguage":"da-DK","@id":"https:\/\/www.mmf.dk\/karriereunivers\/har-jeg-fortsat-ret-til-forhoejet-ferietillaeg\/#primaryimage","url":"https:\/\/www.mmf.dk\/karriereunivers\/wp-content\/uploads\/2018\/12\/83a9554230ed6e6cccfe522a2a4bd53e_XL.jpg","contentUrl":"https:\/\/www.mmf.dk\/karriereunivers\/wp-content\/uploads\/2018\/12\/83a9554230ed6e6cccfe522a2a4bd53e_XL.jpg","width":900,"height":600},{"@type":"BreadcrumbList","@id":"https:\/\/www.mmf.dk\/karriereunivers\/har-jeg-fortsat-ret-til-forhoejet-ferietillaeg\/#breadcrumb","itemListElement":[{"@type":"ListItem","position":1,"name":"Forside","item":"https:\/\/www.mmf.dk\/karriereunivers\/"},{"@type":"ListItem","position":2,"name":"Har jeg fortsat ret til forh\u00f8jet ferietill\u00e6g?"}]},{"@type":"WebSite","@id":"https:\/\/www.mmf.dk\/karriereunivers\/#website","url":"https:\/\/www.mmf.dk\/karriereunivers\/","name":"Maskinmestrenes Forening","description":"","publisher":{"@id":"https:\/\/www.mmf.dk\/karriereunivers\/#organization"},"potentialAction":[{"@type":"SearchAction","target":{"@type":"EntryPoint","urlTemplate":"https:\/\/www.mmf.dk\/karriereunivers\/?s={search_term_string}"},"query-input":{"@type":"PropertyValueSpecification","valueRequired":true,"valueName":"search_term_string"}}],"inLanguage":"da-DK"},{"@type":"Organization","@id":"https:\/\/www.mmf.dk\/karriereunivers\/#organization","name":"Maskinmestrenes Forening","url":"https:\/\/www.mmf.dk\/karriereunivers\/","logo":{"@type":"ImageObject","inLanguage":"da-DK","@id":"https:\/\/www.mmf.dk\/karriereunivers\/#\/schema\/logo\/image\/","url":"https:\/\/www.mmf.dk\/karriereunivers\/wp-content\/uploads\/2022\/03\/logo.svg","contentUrl":"https:\/\/www.mmf.dk\/karriereunivers\/wp-content\/uploads\/2022\/03\/logo.svg","width":1,"height":1,"caption":"Maskinmestrenes Forening"},"image":{"@id":"https:\/\/www.mmf.dk\/karriereunivers\/#\/schema\/logo\/image\/"}},{"@type":"Person","@id":"https:\/\/www.mmf.dk\/karriereunivers\/#\/schema\/person\/87b6b365fb67f78004cbf3db940bc0d4","name":"Sarah Bregnh\u00f8j","image":{"@type":"ImageObject","inLanguage":"da-DK","@id":"https:\/\/www.mmf.dk\/karriereunivers\/#\/schema\/person\/image\/","url":"https:\/\/secure.gravatar.com\/avatar\/52f5cf67e96c8da0bfda2c145e187240?s=96&d=mm&r=g","contentUrl":"https:\/\/secure.gravatar.com\/avatar\/52f5cf67e96c8da0bfda2c145e187240?s=96&d=mm&r=g","caption":"Sarah Bregnh\u00f8j"},"url":"https:\/\/www.mmf.dk\/karriereunivers\/author\/sarah\/"}]}},"_links":{"self":[{"href":"https:\/\/www.mmf.dk\/karriereunivers\/wp-json\/wp\/v2\/posts\/18191"}],"collection":[{"href":"https:\/\/www.mmf.dk\/karriereunivers\/wp-json\/wp\/v2\/posts"}],"about":[{"href":"https:\/\/www.mmf.dk\/karriereunivers\/wp-json\/wp\/v2\/types\/post"}],"author":[{"embeddable":true,"href":"https:\/\/www.mmf.dk\/karriereunivers\/wp-json\/wp\/v2\/users\/2"}],"replies":[{"embeddable":true,"href":"https:\/\/www.mmf.dk\/karriereunivers\/wp-json\/wp\/v2\/comments?post=18191"}],"version-history":[{"count":4,"href":"https:\/\/www.mmf.dk\/karriereunivers\/wp-json\/wp\/v2\/posts\/18191\/revisions"}],"predecessor-version":[{"id":18195,"href":"https:\/\/www.mmf.dk\/karriereunivers\/wp-json\/wp\/v2\/posts\/18191\/revisions\/18195"}],"wp:featuredmedia":[{"embeddable":true,"href":"https:\/\/www.mmf.dk\/karriereunivers\/wp-json\/wp\/v2\/media\/2875"}],"wp:attachment":[{"href":"https:\/\/www.mmf.dk\/karriereunivers\/wp-json\/wp\/v2\/media?parent=18191"}],"wp:term":[{"taxonomy":"category","embeddable":true,"href":"https:\/\/www.mmf.dk\/karriereunivers\/wp-json\/wp\/v2\/categories?post=18191"},{"taxonomy":"post_tag","embeddable":true,"href":"https:\/\/www.mmf.dk\/karriereunivers\/wp-json\/wp\/v2\/tags?post=18191"}],"curies":[{"name":"wp","href":"https:\/\/api.w.org\/{rel}","templated":true}]}}